{"id":812,"date":"2025-09-28T16:45:53","date_gmt":"2025-09-28T16:45:53","guid":{"rendered":"https:\/\/de.colaw.uobaghdad.edu.iq\/?p=812"},"modified":"2025-09-28T16:49:00","modified_gmt":"2025-09-28T16:49:00","slug":"der-dekan-der-fakultaet-fuer-rechtswissenschaften-der-universitaet-bagdad-beteiligt-sich-an-der-ausarbeitung-des-buergerlichen-gesetzbuchs-das-vom-parlament-verabschiedet-wurde","status":"publish","type":"post","link":"https:\/\/de.colaw.uobaghdad.edu.iq\/?p=812","title":{"rendered":"Der Dekan der Fakult\u00e4t f\u00fcr Rechtswissenschaften der Universit\u00e4t Bagdad beteiligt sich an der Ausarbeitung des B\u00fcrgerlichen Gesetzbuchs, das vom Parlament verabschiedet wurde"},"content":{"rendered":"<p style=\"text-align: justify\"><strong><span style=\"font-family: 'Times New Roman';font-size: 18px\">Professor Dr. Ali Hadi Al-Hilali, Dekan der juristischen Fakult\u00e4t der Universit\u00e4t Bagdad, nahm als Mitglied des Komitees zur Ausarbeitung des Personenrechtskodexes teil. Dieser wurde heute, am 27. August 2025, offiziell vom Irakischen Parlament genehmigt, in Anwesenheit von 167 Abgeordneten und basierend auf dem Entwurf des Schiitischen Waqf-Diwan. Die juristische Fakult\u00e4t der Universit\u00e4t Bagdad spielt eine f\u00fchrende wissenschaftliche und berufliche Rolle bei der Unterst\u00fctzung des Gesetzgebungsprozesses mit spezialisierter akademischer Expertise.<\/span><\/strong><\/p>\n<p style=\"text-align: justify\"><strong><span style=\"font-family: 'Times New Roman';font-size: 18px\">In der Provinz Najaf al-Ashraf hielt die Kommission ihre erste Sitzung ab, um ihre Arbeit zu beginnen. Die zweite und dritte Sitzung fanden im Heiligen Bezirk des Kadhimiyya-Schreins statt, bei denen die endg\u00fcltigen Entw\u00fcrfe der Kodex-Inhalte diskutiert wurden, bevor sie der gesetzgebenden Gewalt vorgelegt wurden.<\/span><\/strong><\/p>\n<p style=\"text-align: justify\"><strong><span style=\"font-family: 'Times New Roman';font-size: 18px\">Professor Dr. Ali Hadi Al-Hilali erkl\u00e4rte anl\u00e4sslich dieses Ereignisses:<\/span><\/strong><\/p>\n<p style=\"text-align: justify\"><strong><span style=\"font-family: 'Times New Roman';font-size: 18px\">\u201eDie Mitwirkung der juristischen Fakult\u00e4t der Universit\u00e4t Bagdad an der Erstellung dieses Gesetzeskodex &#8211; f\u00fcr das Familiengesetzbuch- stellt eine Fortf\u00fchrung ihrer wissenschaftlichen Arbeit im Dienste der irakischen Gesetzgebung dar und spiegelt ihre akademische Rolle bei der Unterst\u00fctzung staatlicher Institutionen mit spezialisiertem Fachwissen wider, was zur St\u00e4rkung der Gerechtigkeit und zum Schutz der Rechte von Familie und Gesellschaft beitr\u00e4gt. Die Annahme dieses Kodex wird als wichtiger gesetzgeberischer Fortschritt angesehen, der mit den Vorgaben der h\u00f6chsten religi\u00f6sen Autorit\u00e4t \u00fcbereinstimmt und zur Weiterentwicklung des irakischen Rechtssystems im Einklang mit den sozialen Gegebenheiten beitragen wird. Auch die Stellung der juristischen Fakult\u00e4t der Universit\u00e4t Bagdad als f\u00fchrende akademische Institution auf nationaler und regionaler Ebene wird durch diese Beteiligung unterstrichen.<\/span><\/strong><\/p>\n","protected":false},"excerpt":{"rendered":"<p>Professor Dr. Ali Hadi Al-Hilali, Dekan der juristischen Fakult\u00e4t der Universit\u00e4t Bagdad, nahm als Mitglied des Komitees zur Ausarbeitung des &#8230; <a class=\"cz_readmore cz_readmore_no_icon\" href=\"https:\/\/de.colaw.uobaghdad.edu.iq\/?p=812\"><span>more<\/span><\/a><\/p>\n","protected":false},"author":186,"featured_media":814,"comment_status":"closed","ping_status":"open","sticky":false,"template":"","format":"standard","meta":{"_lmt_disableupdate":"no","_lmt_disable":"","footnotes":""},"categories":[1],"tags":[],"class_list":["post-812","post","type-post","status-publish","format-standard","has-post-thumbnail","hentry","category-uncategorized"],"yoast_head":"<!-- This site is optimized with the Yoast SEO plugin v25.8 - https:\/\/yoast.com\/wordpress\/plugins\/seo\/ -->\n<title>Der Dekan der Fakult\u00e4t f\u00fcr Rechtswissenschaften der Universit\u00e4t Bagdad beteiligt sich an der Ausarbeitung des B\u00fcrgerlichen Gesetzbuchs, das vom Parlament verabschiedet wurde - Hochschule f\u00fcr Rechtswissenschaften<\/title>\n<meta name=\"robots\" content=\"index, follow, max-snippet:-1, max-image-preview:large, max-video-preview:-1\" \/>\n<link rel=\"canonical\" href=\"https:\/\/de.colaw.uobaghdad.edu.iq\/?p=812\" \/>\n<meta property=\"og:locale\" content=\"de_DE\" \/>\n<meta property=\"og:type\" content=\"article\" \/>\n<meta property=\"og:title\" content=\"Der Dekan der Fakult\u00e4t f\u00fcr Rechtswissenschaften der Universit\u00e4t Bagdad beteiligt sich an der Ausarbeitung des B\u00fcrgerlichen Gesetzbuchs, das vom Parlament verabschiedet wurde - Hochschule f\u00fcr Rechtswissenschaften\" \/>\n<meta property=\"og:description\" content=\"Professor Dr. Ali Hadi Al-Hilali, Dekan der juristischen Fakult\u00e4t der Universit\u00e4t Bagdad, nahm als Mitglied des Komitees zur Ausarbeitung des ... more\" \/>\n<meta property=\"og:url\" content=\"https:\/\/de.colaw.uobaghdad.edu.iq\/?p=812\" \/>\n<meta property=\"og:site_name\" content=\"Hochschule f\u00fcr Rechtswissenschaften\" \/>\n<meta property=\"article:published_time\" content=\"2025-09-28T16:45:53+00:00\" \/>\n<meta property=\"article:modified_time\" content=\"2025-09-28T16:49:00+00:00\" \/>\n<meta property=\"og:image\" content=\"https:\/\/de.colaw.uobaghdad.edu.iq\/wp-content\/uploads\/sites\/128\/2025\/09\/\u0635\u0648\u0631\u0629-\u0627\u0644\u062f\u0643\u062a\u0648\u0631-\u0639\u0644\u064a-\u0647\u0627\u062f\u064a.jpg\" \/>\n\t<meta property=\"og:image:width\" content=\"508\" \/>\n\t<meta property=\"og:image:height\" content=\"495\" \/>\n\t<meta property=\"og:image:type\" content=\"image\/jpeg\" \/>\n<meta name=\"author\" content=\"Vian Nameer\" \/>\n<meta name=\"twitter:card\" content=\"summary_large_image\" \/>\n<meta name=\"twitter:label1\" content=\"Geschrieben von\" \/>\n\t<meta name=\"twitter:data1\" content=\"Vian Nameer\" \/>\n\t<meta name=\"twitter:label2\" content=\"Gesch\u00e4tzte Lesezeit\" \/>\n\t<meta name=\"twitter:data2\" content=\"2\u00a0Minuten\" \/>\n<script type=\"application\/ld+json\" class=\"yoast-schema-graph\">{\"@context\":\"https:\/\/schema.org\",\"@graph\":[{\"@type\":\"WebPage\",\"@id\":\"https:\/\/de.colaw.uobaghdad.edu.iq\/?p=812\",\"url\":\"https:\/\/de.colaw.uobaghdad.edu.iq\/?p=812\",\"name\":\"Der Dekan der Fakult\u00e4t f\u00fcr Rechtswissenschaften der Universit\u00e4t Bagdad beteiligt sich an der Ausarbeitung des B\u00fcrgerlichen Gesetzbuchs, das vom Parlament verabschiedet wurde - Hochschule f\u00fcr Rechtswissenschaften\",\"isPartOf\":{\"@id\":\"https:\/\/de.colaw.uobaghdad.edu.iq\/#website\"},\"primaryImageOfPage\":{\"@id\":\"https:\/\/de.colaw.uobaghdad.edu.iq\/?p=812#primaryimage\"},\"image\":{\"@id\":\"https:\/\/de.colaw.uobaghdad.edu.iq\/?p=812#primaryimage\"},\"thumbnailUrl\":\"https:\/\/de.colaw.uobaghdad.edu.iq\/wp-content\/uploads\/sites\/128\/2025\/09\/\u0635\u0648\u0631\u0629-\u0627\u0644\u062f\u0643\u062a\u0648\u0631-\u0639\u0644\u064a-\u0647\u0627\u062f\u064a.jpg\",\"datePublished\":\"2025-09-28T16:45:53+00:00\",\"dateModified\":\"2025-09-28T16:49:00+00:00\",\"author\":{\"@id\":\"https:\/\/de.colaw.uobaghdad.edu.iq\/#\/schema\/person\/a312f5c9bc4d9c3cb81a45e30f3582b3\"},\"breadcrumb\":{\"@id\":\"https:\/\/de.colaw.uobaghdad.edu.iq\/?p=812#breadcrumb\"},\"inLanguage\":\"de\",\"potentialAction\":[{\"@type\":\"ReadAction\",\"target\":[\"https:\/\/de.colaw.uobaghdad.edu.iq\/?p=812\"]}]},{\"@type\":\"ImageObject\",\"inLanguage\":\"de\",\"@id\":\"https:\/\/de.colaw.uobaghdad.edu.iq\/?p=812#primaryimage\",\"url\":\"https:\/\/de.colaw.uobaghdad.edu.iq\/wp-content\/uploads\/sites\/128\/2025\/09\/\u0635\u0648\u0631\u0629-\u0627\u0644\u062f\u0643\u062a\u0648\u0631-\u0639\u0644\u064a-\u0647\u0627\u062f\u064a.jpg\",\"contentUrl\":\"https:\/\/de.colaw.uobaghdad.edu.iq\/wp-content\/uploads\/sites\/128\/2025\/09\/\u0635\u0648\u0631\u0629-\u0627\u0644\u062f\u0643\u062a\u0648\u0631-\u0639\u0644\u064a-\u0647\u0627\u062f\u064a.jpg\",\"width\":508,\"height\":495},{\"@type\":\"BreadcrumbList\",\"@id\":\"https:\/\/de.colaw.uobaghdad.edu.iq\/?p=812#breadcrumb\",\"itemListElement\":[{\"@type\":\"ListItem\",\"position\":1,\"name\":\"Home\",\"item\":\"https:\/\/de.colaw.uobaghdad.edu.iq\/\"},{\"@type\":\"ListItem\",\"position\":2,\"name\":\"Der Dekan der Fakult\u00e4t f\u00fcr Rechtswissenschaften der Universit\u00e4t Bagdad beteiligt sich an der Ausarbeitung des B\u00fcrgerlichen Gesetzbuchs, das vom Parlament verabschiedet wurde\"}]},{\"@type\":\"WebSite\",\"@id\":\"https:\/\/de.colaw.uobaghdad.edu.iq\/#website\",\"url\":\"https:\/\/de.colaw.uobaghdad.edu.iq\/\",\"name\":\"Hochschule f\u00fcr Rechtswissenschaften\",\"description\":\"University of baghdad\",\"potentialAction\":[{\"@type\":\"SearchAction\",\"target\":{\"@type\":\"EntryPoint\",\"urlTemplate\":\"https:\/\/de.colaw.uobaghdad.edu.iq\/?s={search_term_string}\"},\"query-input\":{\"@type\":\"PropertyValueSpecification\",\"valueRequired\":true,\"valueName\":\"search_term_string\"}}],\"inLanguage\":\"de\"},{\"@type\":\"Person\",\"@id\":\"https:\/\/de.colaw.uobaghdad.edu.iq\/#\/schema\/person\/a312f5c9bc4d9c3cb81a45e30f3582b3\",\"name\":\"Vian Nameer\",\"image\":{\"@type\":\"ImageObject\",\"inLanguage\":\"de\",\"@id\":\"https:\/\/de.colaw.uobaghdad.edu.iq\/#\/schema\/person\/image\/\",\"url\":\"https:\/\/secure.gravatar.com\/avatar\/80d32113dbcbdd5c9e6500560b97273ca64aa9b0f41d05fd689f459e7c20dad4?s=96&d=mm&r=g\",\"contentUrl\":\"https:\/\/secure.gravatar.com\/avatar\/80d32113dbcbdd5c9e6500560b97273ca64aa9b0f41d05fd689f459e7c20dad4?s=96&d=mm&r=g\",\"caption\":\"Vian Nameer\"},\"description\":\"\u00dcbersetzerin f\u00fcr Deutsch DAF- DAZ Lehrerin Arbeitet bei Bagdad- Universit\u00e4t\",\"url\":\"https:\/\/de.colaw.uobaghdad.edu.iq\/?author=186\"}]}<\/script>\n<!-- \/ Yoast SEO plugin. -->","yoast_head_json":{"title":"Der Dekan der Fakult\u00e4t f\u00fcr Rechtswissenschaften der Universit\u00e4t Bagdad beteiligt sich an der Ausarbeitung des B\u00fcrgerlichen Gesetzbuchs, das vom Parlament verabschiedet wurde - Hochschule f\u00fcr Rechtswissenschaften","robots":{"index":"index","follow":"follow","max-snippet":"max-snippet:-1","max-image-preview":"max-image-preview:large","max-video-preview":"max-video-preview:-1"},"canonical":"https:\/\/de.colaw.uobaghdad.edu.iq\/?p=812","og_locale":"de_DE","og_type":"article","og_title":"Der Dekan der Fakult\u00e4t f\u00fcr Rechtswissenschaften der Universit\u00e4t Bagdad beteiligt sich an der Ausarbeitung des B\u00fcrgerlichen Gesetzbuchs, das vom Parlament verabschiedet wurde - Hochschule f\u00fcr Rechtswissenschaften","og_description":"Professor Dr. Ali Hadi Al-Hilali, Dekan der juristischen Fakult\u00e4t der Universit\u00e4t Bagdad, nahm als Mitglied des Komitees zur Ausarbeitung des ... more","og_url":"https:\/\/de.colaw.uobaghdad.edu.iq\/?p=812","og_site_name":"Hochschule f\u00fcr Rechtswissenschaften","article_published_time":"2025-09-28T16:45:53+00:00","article_modified_time":"2025-09-28T16:49:00+00:00","og_image":[{"width":508,"height":495,"url":"https:\/\/de.colaw.uobaghdad.edu.iq\/wp-content\/uploads\/sites\/128\/2025\/09\/\u0635\u0648\u0631\u0629-\u0627\u0644\u062f\u0643\u062a\u0648\u0631-\u0639\u0644\u064a-\u0647\u0627\u062f\u064a.jpg","type":"image\/jpeg"}],"author":"Vian Nameer","twitter_card":"summary_large_image","twitter_misc":{"Geschrieben von":"Vian Nameer","Gesch\u00e4tzte Lesezeit":"2\u00a0Minuten"},"schema":{"@context":"https:\/\/schema.org","@graph":[{"@type":"WebPage","@id":"https:\/\/de.colaw.uobaghdad.edu.iq\/?p=812","url":"https:\/\/de.colaw.uobaghdad.edu.iq\/?p=812","name":"Der Dekan der Fakult\u00e4t f\u00fcr Rechtswissenschaften der Universit\u00e4t Bagdad beteiligt sich an der Ausarbeitung des B\u00fcrgerlichen Gesetzbuchs, das vom Parlament verabschiedet wurde - Hochschule f\u00fcr Rechtswissenschaften","isPartOf":{"@id":"https:\/\/de.colaw.uobaghdad.edu.iq\/#website"},"primaryImageOfPage":{"@id":"https:\/\/de.colaw.uobaghdad.edu.iq\/?p=812#primaryimage"},"image":{"@id":"https:\/\/de.colaw.uobaghdad.edu.iq\/?p=812#primaryimage"},"thumbnailUrl":"https:\/\/de.colaw.uobaghdad.edu.iq\/wp-content\/uploads\/sites\/128\/2025\/09\/\u0635\u0648\u0631\u0629-\u0627\u0644\u062f\u0643\u062a\u0648\u0631-\u0639\u0644\u064a-\u0647\u0627\u062f\u064a.jpg","datePublished":"2025-09-28T16:45:53+00:00","dateModified":"2025-09-28T16:49:00+00:00","author":{"@id":"https:\/\/de.colaw.uobaghdad.edu.iq\/#\/schema\/person\/a312f5c9bc4d9c3cb81a45e30f3582b3"},"breadcrumb":{"@id":"https:\/\/de.colaw.uobaghdad.edu.iq\/?p=812#breadcrumb"},"inLanguage":"de","potentialAction":[{"@type":"ReadAction","target":["https:\/\/de.colaw.uobaghdad.edu.iq\/?p=812"]}]},{"@type":"ImageObject","inLanguage":"de","@id":"https:\/\/de.colaw.uobaghdad.edu.iq\/?p=812#primaryimage","url":"https:\/\/de.colaw.uobaghdad.edu.iq\/wp-content\/uploads\/sites\/128\/2025\/09\/\u0635\u0648\u0631\u0629-\u0627\u0644\u062f\u0643\u062a\u0648\u0631-\u0639\u0644\u064a-\u0647\u0627\u062f\u064a.jpg","contentUrl":"https:\/\/de.colaw.uobaghdad.edu.iq\/wp-content\/uploads\/sites\/128\/2025\/09\/\u0635\u0648\u0631\u0629-\u0627\u0644\u062f\u0643\u062a\u0648\u0631-\u0639\u0644\u064a-\u0647\u0627\u062f\u064a.jpg","width":508,"height":495},{"@type":"BreadcrumbList","@id":"https:\/\/de.colaw.uobaghdad.edu.iq\/?p=812#breadcrumb","itemListElement":[{"@type":"ListItem","position":1,"name":"Home","item":"https:\/\/de.colaw.uobaghdad.edu.iq\/"},{"@type":"ListItem","position":2,"name":"Der Dekan der Fakult\u00e4t f\u00fcr Rechtswissenschaften der Universit\u00e4t Bagdad beteiligt sich an der Ausarbeitung des B\u00fcrgerlichen Gesetzbuchs, das vom Parlament verabschiedet wurde"}]},{"@type":"WebSite","@id":"https:\/\/de.colaw.uobaghdad.edu.iq\/#website","url":"https:\/\/de.colaw.uobaghdad.edu.iq\/","name":"Hochschule f\u00fcr Rechtswissenschaften","description":"University of baghdad","potentialAction":[{"@type":"SearchAction","target":{"@type":"EntryPoint","urlTemplate":"https:\/\/de.colaw.uobaghdad.edu.iq\/?s={search_term_string}"},"query-input":{"@type":"PropertyValueSpecification","valueRequired":true,"valueName":"search_term_string"}}],"inLanguage":"de"},{"@type":"Person","@id":"https:\/\/de.colaw.uobaghdad.edu.iq\/#\/schema\/person\/a312f5c9bc4d9c3cb81a45e30f3582b3","name":"Vian Nameer","image":{"@type":"ImageObject","inLanguage":"de","@id":"https:\/\/de.colaw.uobaghdad.edu.iq\/#\/schema\/person\/image\/","url":"https:\/\/secure.gravatar.com\/avatar\/80d32113dbcbdd5c9e6500560b97273ca64aa9b0f41d05fd689f459e7c20dad4?s=96&d=mm&r=g","contentUrl":"https:\/\/secure.gravatar.com\/avatar\/80d32113dbcbdd5c9e6500560b97273ca64aa9b0f41d05fd689f459e7c20dad4?s=96&d=mm&r=g","caption":"Vian Nameer"},"description":"\u00dcbersetzerin f\u00fcr Deutsch DAF- DAZ Lehrerin Arbeitet bei Bagdad- Universit\u00e4t","url":"https:\/\/de.colaw.uobaghdad.edu.iq\/?author=186"}]}},"modified_by":"Vian Nameer","_links":{"self":[{"href":"https:\/\/de.colaw.uobaghdad.edu.iq\/index.php?rest_route=\/wp\/v2\/posts\/812","targetHints":{"allow":["GET"]}}],"collection":[{"href":"https:\/\/de.colaw.uobaghdad.edu.iq\/index.php?rest_route=\/wp\/v2\/posts"}],"about":[{"href":"https:\/\/de.colaw.uobaghdad.edu.iq\/index.php?rest_route=\/wp\/v2\/types\/post"}],"author":[{"embeddable":true,"href":"https:\/\/de.colaw.uobaghdad.edu.iq\/index.php?rest_route=\/wp\/v2\/users\/186"}],"replies":[{"embeddable":true,"href":"https:\/\/de.colaw.uobaghdad.edu.iq\/index.php?rest_route=%2Fwp%2Fv2%2Fcomments&post=812"}],"version-history":[{"count":1,"href":"https:\/\/de.colaw.uobaghdad.edu.iq\/index.php?rest_route=\/wp\/v2\/posts\/812\/revisions"}],"predecessor-version":[{"id":815,"href":"https:\/\/de.colaw.uobaghdad.edu.iq\/index.php?rest_route=\/wp\/v2\/posts\/812\/revisions\/815"}],"wp:featuredmedia":[{"embeddable":true,"href":"https:\/\/de.colaw.uobaghdad.edu.iq\/index.php?rest_route=\/wp\/v2\/media\/814"}],"wp:attachment":[{"href":"https:\/\/de.colaw.uobaghdad.edu.iq\/index.php?rest_route=%2Fwp%2Fv2%2Fmedia&parent=812"}],"wp:term":[{"taxonomy":"category","embeddable":true,"href":"https:\/\/de.colaw.uobaghdad.edu.iq\/index.php?rest_route=%2Fwp%2Fv2%2Fcategories&post=812"},{"taxonomy":"post_tag","embeddable":true,"href":"https:\/\/de.colaw.uobaghdad.edu.iq\/index.php?rest_route=%2Fwp%2Fv2%2Ftags&post=812"}],"curies":[{"name":"wp","href":"https:\/\/api.w.org\/{rel}","templated":true}]}}