{"id":805,"date":"2025-09-27T21:14:46","date_gmt":"2025-09-27T21:14:46","guid":{"rendered":"https:\/\/de.colaw.uobaghdad.edu.iq\/?p=805"},"modified":"2025-09-27T21:14:46","modified_gmt":"2025-09-27T21:14:46","slug":"beginn-der-nachpruefungen-an-der-fakultaet-fuer-rechtswissenschaften-universitaet-bagdad","status":"publish","type":"post","link":"https:\/\/de.colaw.uobaghdad.edu.iq\/?p=805","title":{"rendered":"Beginn der Nachpr\u00fcfungen an der Fakult\u00e4t f\u00fcr Rechtswissenschaften \u2013 Universit\u00e4t Bagdad"},"content":{"rendered":"<p style=\"text-align: justify\"><strong><span style=\"font-family: 'Times New Roman';font-size: 18px\">An der juristischen Fakult\u00e4t der Universit\u00e4t Bagdad haben die Nachpr\u00fcfungen f\u00fcr Master- und Doktoratsstudien sowie f\u00fcr die Anfangsstufen des Studienjahres 2024\u20132025 begonnen, und das unter hervorragenden organisatorischen Bedingungen. Um sich \u00fcber den Pr\u00fcfungsablauf zu informieren, besichtigte der Dekan der Fakult\u00e4t zusammen mit seinen Assistenten und den Vorsitzenden der wissenschaftlichen Abteilungen den Pr\u00fcfungsraum. Er gab dabei Anweisungen zur Bereitstellung aller notwendigen Materialien, um einen reibungslosen Pr\u00fcfungsablauf sicherzustellen und den Studenten eine angemessene Pr\u00fcfungsumgebung zu bieten.<\/span><\/strong><\/p>\n<p style=\"text-align: justify\"><strong><span style=\"font-family: 'Times New Roman';font-size: 18px\">Au\u00dferdem bekr\u00e4ftigte die Fakult\u00e4tsleitung ihr Engagement f\u00fcr den erfolgreichen Ablauf der Pr\u00fcfungen, indem sie t\u00e4gliche Betreuung bot und Hindernisse beseitigte. Zudem \u00fcberwachte sie den Pr\u00fcfungsraum mit Kameras, um eine transparente und disziplinierte Atmosph\u00e4re zu gew\u00e4hrleisten, die den Status und die akademische F\u00fchrungsrolle der Fakult\u00e4t widerspiegelt.<\/span><\/strong><\/p>\n","protected":false},"excerpt":{"rendered":"<p>An der juristischen Fakult\u00e4t der Universit\u00e4t Bagdad haben die Nachpr\u00fcfungen f\u00fcr Master- und Doktoratsstudien sowie f\u00fcr die Anfangsstufen des Studienjahres &#8230; <a class=\"cz_readmore cz_readmore_no_icon\" href=\"https:\/\/de.colaw.uobaghdad.edu.iq\/?p=805\"><span>more<\/span><\/a><\/p>\n","protected":false},"author":186,"featured_media":810,"comment_status":"closed","ping_status":"open","sticky":false,"template":"","format":"standard","meta":{"_lmt_disableupdate":"no","_lmt_disable":"","footnotes":""},"categories":[2,1],"tags":[],"class_list":["post-805","post","type-post","status-publish","format-standard","has-post-thumbnail","hentry","category-news","category-uncategorized"],"yoast_head":"<!-- This site is optimized with the Yoast SEO plugin v25.8 - https:\/\/yoast.com\/wordpress\/plugins\/seo\/ -->\n<title>Beginn der Nachpr\u00fcfungen an der Fakult\u00e4t f\u00fcr Rechtswissenschaften \u2013 Universit\u00e4t Bagdad - Hochschule f\u00fcr Rechtswissenschaften<\/title>\n<meta name=\"robots\" content=\"index, follow, max-snippet:-1, max-image-preview:large, max-video-preview:-1\" \/>\n<link rel=\"canonical\" href=\"https:\/\/de.colaw.uobaghdad.edu.iq\/?p=805\" \/>\n<meta property=\"og:locale\" content=\"de_DE\" \/>\n<meta property=\"og:type\" content=\"article\" \/>\n<meta property=\"og:title\" content=\"Beginn der Nachpr\u00fcfungen an der Fakult\u00e4t f\u00fcr Rechtswissenschaften \u2013 Universit\u00e4t Bagdad - Hochschule f\u00fcr Rechtswissenschaften\" \/>\n<meta property=\"og:description\" content=\"An der juristischen Fakult\u00e4t der Universit\u00e4t Bagdad haben die Nachpr\u00fcfungen f\u00fcr Master- und Doktoratsstudien sowie f\u00fcr die Anfangsstufen des Studienjahres ... more\" \/>\n<meta property=\"og:url\" content=\"https:\/\/de.colaw.uobaghdad.edu.iq\/?p=805\" \/>\n<meta property=\"og:site_name\" content=\"Hochschule f\u00fcr Rechtswissenschaften\" \/>\n<meta property=\"article:published_time\" content=\"2025-09-27T21:14:46+00:00\" \/>\n<meta property=\"og:image\" content=\"https:\/\/de.colaw.uobaghdad.edu.iq\/wp-content\/uploads\/sites\/128\/2025\/09\/1-8.jpeg\" \/>\n\t<meta property=\"og:image:width\" content=\"1600\" \/>\n\t<meta property=\"og:image:height\" content=\"899\" \/>\n\t<meta property=\"og:image:type\" content=\"image\/jpeg\" \/>\n<meta name=\"author\" content=\"Vian Nameer\" \/>\n<meta name=\"twitter:card\" content=\"summary_large_image\" \/>\n<meta name=\"twitter:label1\" content=\"Geschrieben von\" \/>\n\t<meta name=\"twitter:data1\" content=\"Vian Nameer\" \/>\n\t<meta name=\"twitter:label2\" content=\"Gesch\u00e4tzte Lesezeit\" \/>\n\t<meta name=\"twitter:data2\" content=\"1\u00a0Minute\" \/>\n<script type=\"application\/ld+json\" class=\"yoast-schema-graph\">{\"@context\":\"https:\/\/schema.org\",\"@graph\":[{\"@type\":\"WebPage\",\"@id\":\"https:\/\/de.colaw.uobaghdad.edu.iq\/?p=805\",\"url\":\"https:\/\/de.colaw.uobaghdad.edu.iq\/?p=805\",\"name\":\"Beginn der Nachpr\u00fcfungen an der Fakult\u00e4t f\u00fcr Rechtswissenschaften \u2013 Universit\u00e4t Bagdad - Hochschule f\u00fcr Rechtswissenschaften\",\"isPartOf\":{\"@id\":\"https:\/\/de.colaw.uobaghdad.edu.iq\/#website\"},\"primaryImageOfPage\":{\"@id\":\"https:\/\/de.colaw.uobaghdad.edu.iq\/?p=805#primaryimage\"},\"image\":{\"@id\":\"https:\/\/de.colaw.uobaghdad.edu.iq\/?p=805#primaryimage\"},\"thumbnailUrl\":\"https:\/\/de.colaw.uobaghdad.edu.iq\/wp-content\/uploads\/sites\/128\/2025\/09\/1-8.jpeg\",\"datePublished\":\"2025-09-27T21:14:46+00:00\",\"author\":{\"@id\":\"https:\/\/de.colaw.uobaghdad.edu.iq\/#\/schema\/person\/a312f5c9bc4d9c3cb81a45e30f3582b3\"},\"breadcrumb\":{\"@id\":\"https:\/\/de.colaw.uobaghdad.edu.iq\/?p=805#breadcrumb\"},\"inLanguage\":\"de\",\"potentialAction\":[{\"@type\":\"ReadAction\",\"target\":[\"https:\/\/de.colaw.uobaghdad.edu.iq\/?p=805\"]}]},{\"@type\":\"ImageObject\",\"inLanguage\":\"de\",\"@id\":\"https:\/\/de.colaw.uobaghdad.edu.iq\/?p=805#primaryimage\",\"url\":\"https:\/\/de.colaw.uobaghdad.edu.iq\/wp-content\/uploads\/sites\/128\/2025\/09\/1-8.jpeg\",\"contentUrl\":\"https:\/\/de.colaw.uobaghdad.edu.iq\/wp-content\/uploads\/sites\/128\/2025\/09\/1-8.jpeg\",\"width\":1600,\"height\":899},{\"@type\":\"BreadcrumbList\",\"@id\":\"https:\/\/de.colaw.uobaghdad.edu.iq\/?p=805#breadcrumb\",\"itemListElement\":[{\"@type\":\"ListItem\",\"position\":1,\"name\":\"Home\",\"item\":\"https:\/\/de.colaw.uobaghdad.edu.iq\/\"},{\"@type\":\"ListItem\",\"position\":2,\"name\":\"Beginn der Nachpr\u00fcfungen an der Fakult\u00e4t f\u00fcr Rechtswissenschaften \u2013 Universit\u00e4t Bagdad\"}]},{\"@type\":\"WebSite\",\"@id\":\"https:\/\/de.colaw.uobaghdad.edu.iq\/#website\",\"url\":\"https:\/\/de.colaw.uobaghdad.edu.iq\/\",\"name\":\"Hochschule f\u00fcr Rechtswissenschaften\",\"description\":\"University of baghdad\",\"potentialAction\":[{\"@type\":\"SearchAction\",\"target\":{\"@type\":\"EntryPoint\",\"urlTemplate\":\"https:\/\/de.colaw.uobaghdad.edu.iq\/?s={search_term_string}\"},\"query-input\":{\"@type\":\"PropertyValueSpecification\",\"valueRequired\":true,\"valueName\":\"search_term_string\"}}],\"inLanguage\":\"de\"},{\"@type\":\"Person\",\"@id\":\"https:\/\/de.colaw.uobaghdad.edu.iq\/#\/schema\/person\/a312f5c9bc4d9c3cb81a45e30f3582b3\",\"name\":\"Vian Nameer\",\"image\":{\"@type\":\"ImageObject\",\"inLanguage\":\"de\",\"@id\":\"https:\/\/de.colaw.uobaghdad.edu.iq\/#\/schema\/person\/image\/\",\"url\":\"https:\/\/secure.gravatar.com\/avatar\/80d32113dbcbdd5c9e6500560b97273ca64aa9b0f41d05fd689f459e7c20dad4?s=96&d=mm&r=g\",\"contentUrl\":\"https:\/\/secure.gravatar.com\/avatar\/80d32113dbcbdd5c9e6500560b97273ca64aa9b0f41d05fd689f459e7c20dad4?s=96&d=mm&r=g\",\"caption\":\"Vian Nameer\"},\"description\":\"\u00dcbersetzerin f\u00fcr Deutsch DAF- DAZ Lehrerin Arbeitet bei Bagdad- Universit\u00e4t\",\"url\":\"https:\/\/de.colaw.uobaghdad.edu.iq\/?author=186\"}]}<\/script>\n<!-- \/ Yoast SEO plugin. -->","yoast_head_json":{"title":"Beginn der Nachpr\u00fcfungen an der Fakult\u00e4t f\u00fcr Rechtswissenschaften \u2013 Universit\u00e4t Bagdad - Hochschule f\u00fcr Rechtswissenschaften","robots":{"index":"index","follow":"follow","max-snippet":"max-snippet:-1","max-image-preview":"max-image-preview:large","max-video-preview":"max-video-preview:-1"},"canonical":"https:\/\/de.colaw.uobaghdad.edu.iq\/?p=805","og_locale":"de_DE","og_type":"article","og_title":"Beginn der Nachpr\u00fcfungen an der Fakult\u00e4t f\u00fcr Rechtswissenschaften \u2013 Universit\u00e4t Bagdad - Hochschule f\u00fcr Rechtswissenschaften","og_description":"An der juristischen Fakult\u00e4t der Universit\u00e4t Bagdad haben die Nachpr\u00fcfungen f\u00fcr Master- und Doktoratsstudien sowie f\u00fcr die Anfangsstufen des Studienjahres ... more","og_url":"https:\/\/de.colaw.uobaghdad.edu.iq\/?p=805","og_site_name":"Hochschule f\u00fcr Rechtswissenschaften","article_published_time":"2025-09-27T21:14:46+00:00","og_image":[{"width":1600,"height":899,"url":"https:\/\/de.colaw.uobaghdad.edu.iq\/wp-content\/uploads\/sites\/128\/2025\/09\/1-8.jpeg","type":"image\/jpeg"}],"author":"Vian Nameer","twitter_card":"summary_large_image","twitter_misc":{"Geschrieben von":"Vian Nameer","Gesch\u00e4tzte Lesezeit":"1\u00a0Minute"},"schema":{"@context":"https:\/\/schema.org","@graph":[{"@type":"WebPage","@id":"https:\/\/de.colaw.uobaghdad.edu.iq\/?p=805","url":"https:\/\/de.colaw.uobaghdad.edu.iq\/?p=805","name":"Beginn der Nachpr\u00fcfungen an der Fakult\u00e4t f\u00fcr Rechtswissenschaften \u2013 Universit\u00e4t Bagdad - Hochschule f\u00fcr Rechtswissenschaften","isPartOf":{"@id":"https:\/\/de.colaw.uobaghdad.edu.iq\/#website"},"primaryImageOfPage":{"@id":"https:\/\/de.colaw.uobaghdad.edu.iq\/?p=805#primaryimage"},"image":{"@id":"https:\/\/de.colaw.uobaghdad.edu.iq\/?p=805#primaryimage"},"thumbnailUrl":"https:\/\/de.colaw.uobaghdad.edu.iq\/wp-content\/uploads\/sites\/128\/2025\/09\/1-8.jpeg","datePublished":"2025-09-27T21:14:46+00:00","author":{"@id":"https:\/\/de.colaw.uobaghdad.edu.iq\/#\/schema\/person\/a312f5c9bc4d9c3cb81a45e30f3582b3"},"breadcrumb":{"@id":"https:\/\/de.colaw.uobaghdad.edu.iq\/?p=805#breadcrumb"},"inLanguage":"de","potentialAction":[{"@type":"ReadAction","target":["https:\/\/de.colaw.uobaghdad.edu.iq\/?p=805"]}]},{"@type":"ImageObject","inLanguage":"de","@id":"https:\/\/de.colaw.uobaghdad.edu.iq\/?p=805#primaryimage","url":"https:\/\/de.colaw.uobaghdad.edu.iq\/wp-content\/uploads\/sites\/128\/2025\/09\/1-8.jpeg","contentUrl":"https:\/\/de.colaw.uobaghdad.edu.iq\/wp-content\/uploads\/sites\/128\/2025\/09\/1-8.jpeg","width":1600,"height":899},{"@type":"BreadcrumbList","@id":"https:\/\/de.colaw.uobaghdad.edu.iq\/?p=805#breadcrumb","itemListElement":[{"@type":"ListItem","position":1,"name":"Home","item":"https:\/\/de.colaw.uobaghdad.edu.iq\/"},{"@type":"ListItem","position":2,"name":"Beginn der Nachpr\u00fcfungen an der Fakult\u00e4t f\u00fcr Rechtswissenschaften \u2013 Universit\u00e4t Bagdad"}]},{"@type":"WebSite","@id":"https:\/\/de.colaw.uobaghdad.edu.iq\/#website","url":"https:\/\/de.colaw.uobaghdad.edu.iq\/","name":"Hochschule f\u00fcr Rechtswissenschaften","description":"University of baghdad","potentialAction":[{"@type":"SearchAction","target":{"@type":"EntryPoint","urlTemplate":"https:\/\/de.colaw.uobaghdad.edu.iq\/?s={search_term_string}"},"query-input":{"@type":"PropertyValueSpecification","valueRequired":true,"valueName":"search_term_string"}}],"inLanguage":"de"},{"@type":"Person","@id":"https:\/\/de.colaw.uobaghdad.edu.iq\/#\/schema\/person\/a312f5c9bc4d9c3cb81a45e30f3582b3","name":"Vian Nameer","image":{"@type":"ImageObject","inLanguage":"de","@id":"https:\/\/de.colaw.uobaghdad.edu.iq\/#\/schema\/person\/image\/","url":"https:\/\/secure.gravatar.com\/avatar\/80d32113dbcbdd5c9e6500560b97273ca64aa9b0f41d05fd689f459e7c20dad4?s=96&d=mm&r=g","contentUrl":"https:\/\/secure.gravatar.com\/avatar\/80d32113dbcbdd5c9e6500560b97273ca64aa9b0f41d05fd689f459e7c20dad4?s=96&d=mm&r=g","caption":"Vian Nameer"},"description":"\u00dcbersetzerin f\u00fcr Deutsch DAF- DAZ Lehrerin Arbeitet bei Bagdad- Universit\u00e4t","url":"https:\/\/de.colaw.uobaghdad.edu.iq\/?author=186"}]}},"modified_by":"Vian Nameer","_links":{"self":[{"href":"https:\/\/de.colaw.uobaghdad.edu.iq\/index.php?rest_route=\/wp\/v2\/posts\/805","targetHints":{"allow":["GET"]}}],"collection":[{"href":"https:\/\/de.colaw.uobaghdad.edu.iq\/index.php?rest_route=\/wp\/v2\/posts"}],"about":[{"href":"https:\/\/de.colaw.uobaghdad.edu.iq\/index.php?rest_route=\/wp\/v2\/types\/post"}],"author":[{"embeddable":true,"href":"https:\/\/de.colaw.uobaghdad.edu.iq\/index.php?rest_route=\/wp\/v2\/users\/186"}],"replies":[{"embeddable":true,"href":"https:\/\/de.colaw.uobaghdad.edu.iq\/index.php?rest_route=%2Fwp%2Fv2%2Fcomments&post=805"}],"version-history":[{"count":3,"href":"https:\/\/de.colaw.uobaghdad.edu.iq\/index.php?rest_route=\/wp\/v2\/posts\/805\/revisions"}],"predecessor-version":[{"id":809,"href":"https:\/\/de.colaw.uobaghdad.edu.iq\/index.php?rest_route=\/wp\/v2\/posts\/805\/revisions\/809"}],"wp:featuredmedia":[{"embeddable":true,"href":"https:\/\/de.colaw.uobaghdad.edu.iq\/index.php?rest_route=\/wp\/v2\/media\/810"}],"wp:attachment":[{"href":"https:\/\/de.colaw.uobaghdad.edu.iq\/index.php?rest_route=%2Fwp%2Fv2%2Fmedia&parent=805"}],"wp:term":[{"taxonomy":"category","embeddable":true,"href":"https:\/\/de.colaw.uobaghdad.edu.iq\/index.php?rest_route=%2Fwp%2Fv2%2Fcategories&post=805"},{"taxonomy":"post_tag","embeddable":true,"href":"https:\/\/de.colaw.uobaghdad.edu.iq\/index.php?rest_route=%2Fwp%2Fv2%2Ftags&post=805"}],"curies":[{"name":"wp","href":"https:\/\/api.w.org\/{rel}","templated":true}]}}