{"id":800,"date":"2025-09-27T21:05:05","date_gmt":"2025-09-27T21:05:05","guid":{"rendered":"https:\/\/de.colaw.uobaghdad.edu.iq\/?p=800"},"modified":"2025-09-27T21:08:28","modified_gmt":"2025-09-27T21:08:28","slug":"dissertation-ueber-die-zivilrechtliche-haftung-des-wirtschaftspruefers-fuer-seine-beruflichen-taetigkeiten","status":"publish","type":"post","link":"https:\/\/de.colaw.uobaghdad.edu.iq\/?p=800","title":{"rendered":"Dissertation \u00fcber die zivilrechtliche Haftung des Wirtschaftspr\u00fcfers f\u00fcr seine beruflichen T\u00e4tigkeiten"},"content":{"rendered":"<p style=\"text-align: justify\"><strong><span style=\"font-family: 'Times New Roman';font-size: 18px\">Eine Dissertation des Studenten Ahmad Salim Dhari mit dem Titel \u201eDie Verantwortung des Wirtschaftspr\u00fcfers f\u00fcr seine beruflichen Handlungen \u2013 Eine Vergleichsstudie\u201c wurde am Dienstag, dem 2. September 2025, im Konferenzsaal der Fakult\u00e4t im Fachbereich Privatrecht von der Rechtsfakult\u00e4t der Universit\u00e4t Bagdad diskutiert. Die Herren waren Mitglieder der Pr\u00fcfungskommission:<\/span><\/strong><\/p>\n<p style=\"text-align: justify\"><strong><span style=\"font-family: 'Times New Roman';font-size: 18px\">1- Prof. Dr. Hassan Fadallah Mousa (Vorsitzender des Gremiums)<\/span><\/strong><\/p>\n<p style=\"text-align: justify\"><strong><span style=\"font-family: 'Times New Roman';font-size: 18px\">2- Prof. Dr. Ali Mutashar Abdalsahib (Mitglied)<\/span><\/strong><\/p>\n<p style=\"text-align: justify\"><strong><span style=\"font-family: 'Times New Roman';font-size: 18px\">3- Assist. Prof. Dr. Amer Ghanem Alwan (Mitglied)<\/span><\/strong><\/p>\n<p style=\"text-align: justify\"><strong><span style=\"font-family: 'Times New Roman';font-size: 18px\">4- Assist. Prof. Dr. Andulus Hamid Abd (Mitglied)<\/span><\/strong><\/p>\n<p style=\"text-align: justify\"><strong><span style=\"font-family: 'Times New Roman';font-size: 18px\">5- Assistenzprofessorin Dr. Nada Abd al-Kadim Hussein (Mitglied)<\/span><\/strong><\/p>\n<p style=\"text-align: justify\"><strong><span style=\"font-family: 'Times New Roman';font-size: 18px\">6- Prof. Dr. Jalil Hassan Beshat (Mitglied und Betreuer)<\/span><\/strong><\/p>\n<p style=\"text-align: justify\"><strong><span style=\"font-family: 'Times New Roman';font-size: 18px\">Mit der Dissertation sollte die Verantwortung des Wirtschaftspr\u00fcfers in seinem Berufsbereich erkl\u00e4rt und die Natur seiner gesetzlichen Verpflichtungen gekl\u00e4rt werden. Es sollte auch untersucht werden, ob es sich um eine Verpflichtung zur sorgf\u00e4ltigen Aus\u00fcbung oder zur Zielerreichung handelt. Die Dissertation behandelt drei Kapitel. Im ersten Kapitel wurde die gesetzliche Regelung des Berufs des Wirtschaftspr\u00fcfers sowie der Rechnungspr\u00fcfung im irakischen Recht und im Vergleichsrecht behandelt. Kapitel zwei befasste sich mit der rechtlichen Stellung des Wirtschaftspr\u00fcfers und der Bestimmung der Art seiner zivilrechtlichen Verantwortung. Kapitel drei hingegen widmete sich den Folgen dieser zivilrechtlichen Verantwortung f\u00fcr den Wirtschaftspr\u00fcfer. In der Dissertation wurden mehrere Empfehlungen ausgesprochen, wobei die wichtigsten folgende sind:<\/span><\/strong><\/p>\n<p style=\"text-align: justify\"><strong><span style=\"font-family: 'Times New Roman';font-size: 18px\">1- Anpassung der rechtlichen Einstufung des Wirtschaftspr\u00fcfers, wie in Artikel (137) des irakischen Gesellschaftsgesetzes beschrieben, und Einf\u00fchrung einer Einstufung, die mit den vergleichbaren Rechtsvorschriften und den in der Dissertation dargestellten Theorien \u00fcbereinstimmt.<\/span><\/strong><\/p>\n<p style=\"text-align: justify\"><strong><span style=\"font-family: 'Times New Roman';font-size: 18px\">2- Einbeziehung der irakischen Gesetzgebung, insbesondere der Bestimmungen, die die Pr\u00fcfung der Buchhaltung bestimmter Einrichtungen durch einen Wirtschaftspr\u00fcfer vorschreiben oder regeln, sowie Aufnahme der speziellen Pflichten des Wirtschaftspr\u00fcfers, wie sie in vergleichbaren Rechtsordnungen, insbesondere der franz\u00f6sischen und englischen, enthalten sind.<\/span><\/strong><\/p>\n<p style=\"text-align: justify\"><strong><span style=\"font-family: 'Times New Roman';font-size: 18px\">3- Vorschlag zur \u00c4nderung des irakischen Zivilgesetzes in Bezug auf Schadensersatz f\u00fcr materielle und immaterielle Sch\u00e4den im Rahmen der zivilrechtlichen Berufsverantwortung des Wirtschaftspr\u00fcfers.<\/span><\/strong><\/p>\n","protected":false},"excerpt":{"rendered":"<p>Eine Dissertation des Studenten Ahmad Salim Dhari mit dem Titel \u201eDie Verantwortung des Wirtschaftspr\u00fcfers f\u00fcr seine beruflichen Handlungen \u2013 Eine &#8230; <a class=\"cz_readmore cz_readmore_no_icon\" href=\"https:\/\/de.colaw.uobaghdad.edu.iq\/?p=800\"><span>more<\/span><\/a><\/p>\n","protected":false},"author":186,"featured_media":802,"comment_status":"closed","ping_status":"open","sticky":false,"template":"","format":"standard","meta":{"_lmt_disableupdate":"no","_lmt_disable":"","footnotes":""},"categories":[1],"tags":[],"class_list":["post-800","post","type-post","status-publish","format-standard","has-post-thumbnail","hentry","category-uncategorized"],"yoast_head":"<!-- This site is optimized with the Yoast SEO plugin v25.8 - https:\/\/yoast.com\/wordpress\/plugins\/seo\/ -->\n<title>Dissertation \u00fcber die zivilrechtliche Haftung des Wirtschaftspr\u00fcfers f\u00fcr seine beruflichen T\u00e4tigkeiten - Hochschule f\u00fcr Rechtswissenschaften<\/title>\n<meta name=\"robots\" content=\"index, follow, max-snippet:-1, max-image-preview:large, max-video-preview:-1\" \/>\n<link rel=\"canonical\" href=\"https:\/\/de.colaw.uobaghdad.edu.iq\/?p=800\" \/>\n<meta property=\"og:locale\" content=\"de_DE\" \/>\n<meta property=\"og:type\" content=\"article\" \/>\n<meta property=\"og:title\" content=\"Dissertation \u00fcber die zivilrechtliche Haftung des Wirtschaftspr\u00fcfers f\u00fcr seine beruflichen T\u00e4tigkeiten - Hochschule f\u00fcr Rechtswissenschaften\" \/>\n<meta property=\"og:description\" content=\"Eine Dissertation des Studenten Ahmad Salim Dhari mit dem Titel \u201eDie Verantwortung des Wirtschaftspr\u00fcfers f\u00fcr seine beruflichen Handlungen \u2013 Eine ... more\" \/>\n<meta property=\"og:url\" content=\"https:\/\/de.colaw.uobaghdad.edu.iq\/?p=800\" \/>\n<meta property=\"og:site_name\" content=\"Hochschule f\u00fcr Rechtswissenschaften\" \/>\n<meta property=\"article:published_time\" content=\"2025-09-27T21:05:05+00:00\" \/>\n<meta property=\"article:modified_time\" content=\"2025-09-27T21:08:28+00:00\" \/>\n<meta property=\"og:image\" content=\"https:\/\/de.colaw.uobaghdad.edu.iq\/wp-content\/uploads\/sites\/128\/2025\/09\/1-7.jpeg\" \/>\n\t<meta property=\"og:image:width\" content=\"1600\" \/>\n\t<meta property=\"og:image:height\" content=\"899\" \/>\n\t<meta property=\"og:image:type\" content=\"image\/jpeg\" \/>\n<meta name=\"author\" content=\"Vian Nameer\" \/>\n<meta name=\"twitter:card\" content=\"summary_large_image\" \/>\n<meta name=\"twitter:label1\" content=\"Geschrieben von\" \/>\n\t<meta name=\"twitter:data1\" content=\"Vian Nameer\" \/>\n\t<meta name=\"twitter:label2\" content=\"Gesch\u00e4tzte Lesezeit\" \/>\n\t<meta name=\"twitter:data2\" content=\"2\u00a0Minuten\" \/>\n<script type=\"application\/ld+json\" class=\"yoast-schema-graph\">{\"@context\":\"https:\/\/schema.org\",\"@graph\":[{\"@type\":\"WebPage\",\"@id\":\"https:\/\/de.colaw.uobaghdad.edu.iq\/?p=800\",\"url\":\"https:\/\/de.colaw.uobaghdad.edu.iq\/?p=800\",\"name\":\"Dissertation \u00fcber die zivilrechtliche Haftung des Wirtschaftspr\u00fcfers f\u00fcr seine beruflichen T\u00e4tigkeiten - Hochschule f\u00fcr Rechtswissenschaften\",\"isPartOf\":{\"@id\":\"https:\/\/de.colaw.uobaghdad.edu.iq\/#website\"},\"primaryImageOfPage\":{\"@id\":\"https:\/\/de.colaw.uobaghdad.edu.iq\/?p=800#primaryimage\"},\"image\":{\"@id\":\"https:\/\/de.colaw.uobaghdad.edu.iq\/?p=800#primaryimage\"},\"thumbnailUrl\":\"https:\/\/de.colaw.uobaghdad.edu.iq\/wp-content\/uploads\/sites\/128\/2025\/09\/1-7.jpeg\",\"datePublished\":\"2025-09-27T21:05:05+00:00\",\"dateModified\":\"2025-09-27T21:08:28+00:00\",\"author\":{\"@id\":\"https:\/\/de.colaw.uobaghdad.edu.iq\/#\/schema\/person\/a312f5c9bc4d9c3cb81a45e30f3582b3\"},\"breadcrumb\":{\"@id\":\"https:\/\/de.colaw.uobaghdad.edu.iq\/?p=800#breadcrumb\"},\"inLanguage\":\"de\",\"potentialAction\":[{\"@type\":\"ReadAction\",\"target\":[\"https:\/\/de.colaw.uobaghdad.edu.iq\/?p=800\"]}]},{\"@type\":\"ImageObject\",\"inLanguage\":\"de\",\"@id\":\"https:\/\/de.colaw.uobaghdad.edu.iq\/?p=800#primaryimage\",\"url\":\"https:\/\/de.colaw.uobaghdad.edu.iq\/wp-content\/uploads\/sites\/128\/2025\/09\/1-7.jpeg\",\"contentUrl\":\"https:\/\/de.colaw.uobaghdad.edu.iq\/wp-content\/uploads\/sites\/128\/2025\/09\/1-7.jpeg\",\"width\":1600,\"height\":899},{\"@type\":\"BreadcrumbList\",\"@id\":\"https:\/\/de.colaw.uobaghdad.edu.iq\/?p=800#breadcrumb\",\"itemListElement\":[{\"@type\":\"ListItem\",\"position\":1,\"name\":\"Home\",\"item\":\"https:\/\/de.colaw.uobaghdad.edu.iq\/\"},{\"@type\":\"ListItem\",\"position\":2,\"name\":\"Dissertation \u00fcber die zivilrechtliche Haftung des Wirtschaftspr\u00fcfers f\u00fcr seine beruflichen T\u00e4tigkeiten\"}]},{\"@type\":\"WebSite\",\"@id\":\"https:\/\/de.colaw.uobaghdad.edu.iq\/#website\",\"url\":\"https:\/\/de.colaw.uobaghdad.edu.iq\/\",\"name\":\"Hochschule f\u00fcr Rechtswissenschaften\",\"description\":\"University of baghdad\",\"potentialAction\":[{\"@type\":\"SearchAction\",\"target\":{\"@type\":\"EntryPoint\",\"urlTemplate\":\"https:\/\/de.colaw.uobaghdad.edu.iq\/?s={search_term_string}\"},\"query-input\":{\"@type\":\"PropertyValueSpecification\",\"valueRequired\":true,\"valueName\":\"search_term_string\"}}],\"inLanguage\":\"de\"},{\"@type\":\"Person\",\"@id\":\"https:\/\/de.colaw.uobaghdad.edu.iq\/#\/schema\/person\/a312f5c9bc4d9c3cb81a45e30f3582b3\",\"name\":\"Vian Nameer\",\"image\":{\"@type\":\"ImageObject\",\"inLanguage\":\"de\",\"@id\":\"https:\/\/de.colaw.uobaghdad.edu.iq\/#\/schema\/person\/image\/\",\"url\":\"https:\/\/secure.gravatar.com\/avatar\/80d32113dbcbdd5c9e6500560b97273ca64aa9b0f41d05fd689f459e7c20dad4?s=96&d=mm&r=g\",\"contentUrl\":\"https:\/\/secure.gravatar.com\/avatar\/80d32113dbcbdd5c9e6500560b97273ca64aa9b0f41d05fd689f459e7c20dad4?s=96&d=mm&r=g\",\"caption\":\"Vian Nameer\"},\"description\":\"\u00dcbersetzerin f\u00fcr Deutsch DAF- DAZ Lehrerin Arbeitet bei Bagdad- Universit\u00e4t\",\"url\":\"https:\/\/de.colaw.uobaghdad.edu.iq\/?author=186\"}]}<\/script>\n<!-- \/ Yoast SEO plugin. -->","yoast_head_json":{"title":"Dissertation \u00fcber die zivilrechtliche Haftung des Wirtschaftspr\u00fcfers f\u00fcr seine beruflichen T\u00e4tigkeiten - Hochschule f\u00fcr Rechtswissenschaften","robots":{"index":"index","follow":"follow","max-snippet":"max-snippet:-1","max-image-preview":"max-image-preview:large","max-video-preview":"max-video-preview:-1"},"canonical":"https:\/\/de.colaw.uobaghdad.edu.iq\/?p=800","og_locale":"de_DE","og_type":"article","og_title":"Dissertation \u00fcber die zivilrechtliche Haftung des Wirtschaftspr\u00fcfers f\u00fcr seine beruflichen T\u00e4tigkeiten - Hochschule f\u00fcr Rechtswissenschaften","og_description":"Eine Dissertation des Studenten Ahmad Salim Dhari mit dem Titel \u201eDie Verantwortung des Wirtschaftspr\u00fcfers f\u00fcr seine beruflichen Handlungen \u2013 Eine ... more","og_url":"https:\/\/de.colaw.uobaghdad.edu.iq\/?p=800","og_site_name":"Hochschule f\u00fcr Rechtswissenschaften","article_published_time":"2025-09-27T21:05:05+00:00","article_modified_time":"2025-09-27T21:08:28+00:00","og_image":[{"width":1600,"height":899,"url":"https:\/\/de.colaw.uobaghdad.edu.iq\/wp-content\/uploads\/sites\/128\/2025\/09\/1-7.jpeg","type":"image\/jpeg"}],"author":"Vian Nameer","twitter_card":"summary_large_image","twitter_misc":{"Geschrieben von":"Vian Nameer","Gesch\u00e4tzte Lesezeit":"2\u00a0Minuten"},"schema":{"@context":"https:\/\/schema.org","@graph":[{"@type":"WebPage","@id":"https:\/\/de.colaw.uobaghdad.edu.iq\/?p=800","url":"https:\/\/de.colaw.uobaghdad.edu.iq\/?p=800","name":"Dissertation \u00fcber die zivilrechtliche Haftung des Wirtschaftspr\u00fcfers f\u00fcr seine beruflichen T\u00e4tigkeiten - Hochschule f\u00fcr Rechtswissenschaften","isPartOf":{"@id":"https:\/\/de.colaw.uobaghdad.edu.iq\/#website"},"primaryImageOfPage":{"@id":"https:\/\/de.colaw.uobaghdad.edu.iq\/?p=800#primaryimage"},"image":{"@id":"https:\/\/de.colaw.uobaghdad.edu.iq\/?p=800#primaryimage"},"thumbnailUrl":"https:\/\/de.colaw.uobaghdad.edu.iq\/wp-content\/uploads\/sites\/128\/2025\/09\/1-7.jpeg","datePublished":"2025-09-27T21:05:05+00:00","dateModified":"2025-09-27T21:08:28+00:00","author":{"@id":"https:\/\/de.colaw.uobaghdad.edu.iq\/#\/schema\/person\/a312f5c9bc4d9c3cb81a45e30f3582b3"},"breadcrumb":{"@id":"https:\/\/de.colaw.uobaghdad.edu.iq\/?p=800#breadcrumb"},"inLanguage":"de","potentialAction":[{"@type":"ReadAction","target":["https:\/\/de.colaw.uobaghdad.edu.iq\/?p=800"]}]},{"@type":"ImageObject","inLanguage":"de","@id":"https:\/\/de.colaw.uobaghdad.edu.iq\/?p=800#primaryimage","url":"https:\/\/de.colaw.uobaghdad.edu.iq\/wp-content\/uploads\/sites\/128\/2025\/09\/1-7.jpeg","contentUrl":"https:\/\/de.colaw.uobaghdad.edu.iq\/wp-content\/uploads\/sites\/128\/2025\/09\/1-7.jpeg","width":1600,"height":899},{"@type":"BreadcrumbList","@id":"https:\/\/de.colaw.uobaghdad.edu.iq\/?p=800#breadcrumb","itemListElement":[{"@type":"ListItem","position":1,"name":"Home","item":"https:\/\/de.colaw.uobaghdad.edu.iq\/"},{"@type":"ListItem","position":2,"name":"Dissertation \u00fcber die zivilrechtliche Haftung des Wirtschaftspr\u00fcfers f\u00fcr seine beruflichen T\u00e4tigkeiten"}]},{"@type":"WebSite","@id":"https:\/\/de.colaw.uobaghdad.edu.iq\/#website","url":"https:\/\/de.colaw.uobaghdad.edu.iq\/","name":"Hochschule f\u00fcr Rechtswissenschaften","description":"University of baghdad","potentialAction":[{"@type":"SearchAction","target":{"@type":"EntryPoint","urlTemplate":"https:\/\/de.colaw.uobaghdad.edu.iq\/?s={search_term_string}"},"query-input":{"@type":"PropertyValueSpecification","valueRequired":true,"valueName":"search_term_string"}}],"inLanguage":"de"},{"@type":"Person","@id":"https:\/\/de.colaw.uobaghdad.edu.iq\/#\/schema\/person\/a312f5c9bc4d9c3cb81a45e30f3582b3","name":"Vian Nameer","image":{"@type":"ImageObject","inLanguage":"de","@id":"https:\/\/de.colaw.uobaghdad.edu.iq\/#\/schema\/person\/image\/","url":"https:\/\/secure.gravatar.com\/avatar\/80d32113dbcbdd5c9e6500560b97273ca64aa9b0f41d05fd689f459e7c20dad4?s=96&d=mm&r=g","contentUrl":"https:\/\/secure.gravatar.com\/avatar\/80d32113dbcbdd5c9e6500560b97273ca64aa9b0f41d05fd689f459e7c20dad4?s=96&d=mm&r=g","caption":"Vian Nameer"},"description":"\u00dcbersetzerin f\u00fcr Deutsch DAF- DAZ Lehrerin Arbeitet bei Bagdad- Universit\u00e4t","url":"https:\/\/de.colaw.uobaghdad.edu.iq\/?author=186"}]}},"modified_by":"Vian Nameer","_links":{"self":[{"href":"https:\/\/de.colaw.uobaghdad.edu.iq\/index.php?rest_route=\/wp\/v2\/posts\/800","targetHints":{"allow":["GET"]}}],"collection":[{"href":"https:\/\/de.colaw.uobaghdad.edu.iq\/index.php?rest_route=\/wp\/v2\/posts"}],"about":[{"href":"https:\/\/de.colaw.uobaghdad.edu.iq\/index.php?rest_route=\/wp\/v2\/types\/post"}],"author":[{"embeddable":true,"href":"https:\/\/de.colaw.uobaghdad.edu.iq\/index.php?rest_route=\/wp\/v2\/users\/186"}],"replies":[{"embeddable":true,"href":"https:\/\/de.colaw.uobaghdad.edu.iq\/index.php?rest_route=%2Fwp%2Fv2%2Fcomments&post=800"}],"version-history":[{"count":2,"href":"https:\/\/de.colaw.uobaghdad.edu.iq\/index.php?rest_route=\/wp\/v2\/posts\/800\/revisions"}],"predecessor-version":[{"id":804,"href":"https:\/\/de.colaw.uobaghdad.edu.iq\/index.php?rest_route=\/wp\/v2\/posts\/800\/revisions\/804"}],"wp:featuredmedia":[{"embeddable":true,"href":"https:\/\/de.colaw.uobaghdad.edu.iq\/index.php?rest_route=\/wp\/v2\/media\/802"}],"wp:attachment":[{"href":"https:\/\/de.colaw.uobaghdad.edu.iq\/index.php?rest_route=%2Fwp%2Fv2%2Fmedia&parent=800"}],"wp:term":[{"taxonomy":"category","embeddable":true,"href":"https:\/\/de.colaw.uobaghdad.edu.iq\/index.php?rest_route=%2Fwp%2Fv2%2Fcategories&post=800"},{"taxonomy":"post_tag","embeddable":true,"href":"https:\/\/de.colaw.uobaghdad.edu.iq\/index.php?rest_route=%2Fwp%2Fv2%2Ftags&post=800"}],"curies":[{"name":"wp","href":"https:\/\/api.w.org\/{rel}","templated":true}]}}